{"id":1578,"date":"2025-10-23T08:09:10","date_gmt":"2025-10-23T08:09:10","guid":{"rendered":"https:\/\/fisioterapiaduepuntozero.it\/?p=1578"},"modified":"2026-04-13T07:18:19","modified_gmt":"2026-04-13T07:18:19","slug":"patologie-muscolo-scheletriche-un-rischio-non-solo-ortopedico","status":"publish","type":"post","link":"https:\/\/fisioterapiaduepuntozero.it\/?p=1578","title":{"rendered":"Patologie Muscolo-Scheletriche un rischio non solo Ortopedico"},"content":{"rendered":"<div class=\"fusion-fullwidth fullwidth-box fusion-builder-row-1 fusion-flex-container has-pattern-background has-mask-background nonhundred-percent-fullwidth non-hundred-percent-height-scrolling\" style=\"--link_color: var(--awb-color1);--awb-border-radius-top-left:0px;--awb-border-radius-top-right:0px;--awb-border-radius-bottom-right:0px;--awb-border-radius-bottom-left:0px;--awb-background-color:var(--awb-color1);--awb-flex-wrap:wrap;\" ><div class=\"fusion-builder-row fusion-row fusion-flex-align-items-flex-start fusion-flex-content-wrap\" style=\"max-width:1216.8px;margin-left: calc(-4% \/ 2 );margin-right: calc(-4% \/ 2 );\"><div class=\"fusion-layout-column fusion_builder_column fusion-builder-column-0 fusion_builder_column_1_1 1_1 fusion-flex-column\" style=\"--awb-bg-color:var(--awb-color1);--awb-bg-color-hover:var(--awb-color1);--awb-bg-size:cover;--awb-width-large:100%;--awb-margin-top-large:0px;--awb-spacing-right-large:1.92%;--awb-margin-bottom-large:30px;--awb-spacing-left-large:1.92%;--awb-width-medium:100%;--awb-order-medium:0;--awb-spacing-right-medium:1.92%;--awb-spacing-left-medium:1.92%;--awb-width-small:100%;--awb-order-small:0;--awb-spacing-right-small:1.92%;--awb-spacing-left-small:1.92%;\"><div class=\"fusion-column-wrapper fusion-column-has-shadow fusion-flex-justify-content-flex-start fusion-content-layout-column\"><div class=\"fusion-text fusion-text-1\" style=\"--awb-text-color:var(--awb-color8);\"><h2 data-fontsize=\"46\" data-lineheight=\"57.5px\" class=\"fusion-responsive-typography-calculated\" style=\"--fontSize: 46; line-height: 1.25;\"><img decoding=\"async\" class=\"lazyload size-medium wp-image-1585 aligncenter\" src=\"https:\/\/fisioterapiaduepuntozero.it\/wp-content\/uploads\/2025\/10\/Condizioni-muskl-200x300.png\" data-orig-src=\"https:\/\/fisioterapiaduepuntozero.it\/wp-content\/uploads\/2025\/10\/Condizioni-muskl-200x300.png\" alt=\"\" width=\"200\" height=\"300\" srcset=\"data:image\/svg+xml,%3Csvg%20xmlns%3D%27http%3A%2F%2Fwww.w3.org%2F2000%2Fsvg%27%20width%3D%27200%27%20height%3D%27300%27%20viewBox%3D%270%200%20200%20300%27%3E%3Crect%20width%3D%27200%27%20height%3D%27300%27%20fill-opacity%3D%220%22%2F%3E%3C%2Fsvg%3E\" data-srcset=\"https:\/\/fisioterapiaduepuntozero.it\/wp-content\/uploads\/2025\/10\/Condizioni-muskl-200x300.png 200w, https:\/\/fisioterapiaduepuntozero.it\/wp-content\/uploads\/2025\/10\/Condizioni-muskl.png 1024w\" data-sizes=\"auto\" data-orig-sizes=\"(max-width: 200px) 100vw, 200px\" \/><\/h2>\n<h2 data-fontsize=\"46\" data-lineheight=\"57.5px\" class=\"fusion-responsive-typography-calculated\" style=\"--fontSize: 46; line-height: 1.25;\">Un rischio non solo ortopedico: la patologia muscolo-scheletrica e le malattie croniche<\/h2>\n<p>Quando pensiamo a disturbi come il <b><a href=\"https:\/\/fisioterapiaduepuntozero.it\/?p=1522\" target=\"_blank\" rel=\"noopener noreferrer\" style=\"color: var(--awb-color5);\">mal di schiena<\/a> o l\u2019<a href=\"https:\/\/fisioterapiaduepuntozero.it\/?p=1451\" target=\"_blank\" rel=\"noopener noreferrer\" style=\"color: var(--awb-color5);\">Osteoartrosi<\/a> <\/b>(OA) \u2013 degenerazione delle articolazioni dell\u2019anca o del ginocchio \u2013 li associamo spesso a dolore, limitazione di movimento e perdita di qualit\u00e0 della vita. Tuttavia, le nuove analisi mettono in evidenza che queste condizioni <b>potrebbero<\/b> andare oltre il sintomo ortopedico e <b>rappresentare un fattore di rischio per malattie croniche pi\u00f9 ampie.<\/b><\/p>\n<p>Secondo la meta-analisi di Williams e colleghi, che ha seguito oltre 2,6 milioni di persone in 10 studi di coorte, vivere con una condizione muscolo-scheletrica comune (mal di schiena o osteoartrosi) ha comportato un aumento del 17% del tasso di sviluppare una malattia cronica rispetto a persone senza tali condizioni (hazard ratio 1,17; IC 95% 1,13-1,22). (PubMed)\u2028In particolare, l\u2019osteoartrosi risultava strettamente associata all\u2019incremento del rischio di malattia cardiovascolare. (PMC)<\/p>\n<h3 data-fontsize=\"22\" data-lineheight=\"48.4px\" class=\"fusion-responsive-typography-calculated\" style=\"--fontSize: 22; line-height: 2.2; --minFontSize: 22;\">Perch\u00e9 pu\u00f2 accadere?<\/h3>\n<p>Le ragioni alla base di questa correlazione non sono ancora del tutto chiarite, ma gli esperti ipotizzano diversi meccanismi:<\/p>\n<ul>\n<li>Le condizioni muscolo-scheletriche possono limitare l\u2019attivit\u00e0 fisica, favorendo sedentariet\u00e0, aumento del peso corporeo, alterazioni metaboliche e peggior profilo cardiovascolare.<\/li>\n<li>Il dolore cronico, come quello lombare o articolare, pu\u00f2 attivare processi infiammatori sistemici di basso grado che contribuiscono allo sviluppo di altre malattie croniche.<\/li>\n<li>Le persone con problemi articolari o spinali spesso hanno anche altri fattori di rischio (familiarit\u00e0, et\u00e0 avanzata, sovrappeso) che si combinano e aumentano la probabilit\u00e0 di malattie concomitanti.<\/li>\n<\/ul>\n<p>La gestione delle condizioni muscolo-scheletriche pu\u00f2 essere frammentata e meno focalizzata su prevenzione e riabilitazione attiva, perdendo cos\u00ec l\u2019occasione di intervenire su fattori di rischio condivisi.<\/p>\n<h3 data-fontsize=\"22\" data-lineheight=\"48.4px\" class=\"fusion-responsive-typography-calculated\" style=\"--fontSize: 22; line-height: 2.2; --minFontSize: 22;\">Quali implicazioni per la prevenzione e la cura?<\/h3>\n<p>Questa evidenza implica un allargamento della prospettiva: non solo trattare il dolore o la rigidit\u00e0 articolare, ma considerare la condizione muscolo-scheletrica come un \u201csegnale\u201d di rischio aumentato per malattie croniche. Alcuni suggerimenti:<\/p>\n<ul>\n<li>Individuare e gestire precocemente i pazienti con dolore cronico articolare o lombare, valutando anche il profilo metabolico, cardiovascolare e oncologico.<\/li>\n<li>Promuovere l\u2019attivit\u00e0 fisica adattata, la perdita di peso, il miglioramento del tono muscolare e della mobilit\u00e0, come strategie che servono non solo all\u2019articolazione, ma all\u2019intero organismo.<\/li>\n<li>Implementare programmi di riabilitazione e movimento a lungo termine che considerino anche la prevenzione secondaria (riduzione del rischio di patologie croniche).<\/li>\n<li>Informare i pazienti che avere un\u2019articolazione \u201cdifficile\u201d non significa solo dolore, ma richiede un approccio globale alla salute.<\/li>\n<\/ul>\n<h3 data-fontsize=\"22\" data-lineheight=\"48.4px\" class=\"fusion-responsive-typography-calculated\" style=\"--fontSize: 22; line-height: 2.2; --minFontSize: 22;\">In conclusione<\/h3>\n<p>Le condizioni muscolo-scheletriche comuni non vanno sottovalutate come semplici problemi \u201clocali\u201d. Aumentano in modo significativo il rischio di malattie croniche sistemiche. Comprendere questa connessione apre una nuova dimensione nella gestione clinica: trattare il corpo intero, migliorare mobilit\u00e0 e benessere articolare, e collegarlo a strategie di prevenzione globale.<\/p>\n<p>La speranza \u00e8 che questa conoscenza venga integrata nei percorsi clinici e di riabilitazione, affinch\u00e9 i pazienti con osteoartrosi o mal di schiena non siano soltanto \u201cassistiti\u201d, ma anche accompagnati verso una vita pi\u00f9 sana e protetta.<\/p>\n<\/div><\/div><\/div><\/div><\/div>\n","protected":false},"excerpt":{"rendered":"","protected":false},"author":6,"featured_media":0,"comment_status":"closed","ping_status":"closed","sticky":false,"template":"","format":"standard","meta":{"footnotes":""},"categories":[23,25,26],"tags":[30,35,32,44],"class_list":["post-1578","post","type-post","status-publish","format-standard","hentry","category-articolazione","category-muscolare","category-terapia-manuale","tag-artrosi","tag-cervicale","tag-mal-di-schiena","tag-patologie-croniche"],"_links":{"self":[{"href":"https:\/\/fisioterapiaduepuntozero.it\/index.php?rest_route=\/wp\/v2\/posts\/1578","targetHints":{"allow":["GET"]}}],"collection":[{"href":"https:\/\/fisioterapiaduepuntozero.it\/index.php?rest_route=\/wp\/v2\/posts"}],"about":[{"href":"https:\/\/fisioterapiaduepuntozero.it\/index.php?rest_route=\/wp\/v2\/types\/post"}],"author":[{"embeddable":true,"href":"https:\/\/fisioterapiaduepuntozero.it\/index.php?rest_route=\/wp\/v2\/users\/6"}],"replies":[{"embeddable":true,"href":"https:\/\/fisioterapiaduepuntozero.it\/index.php?rest_route=%2Fwp%2Fv2%2Fcomments&post=1578"}],"version-history":[{"count":10,"href":"https:\/\/fisioterapiaduepuntozero.it\/index.php?rest_route=\/wp\/v2\/posts\/1578\/revisions"}],"predecessor-version":[{"id":1643,"href":"https:\/\/fisioterapiaduepuntozero.it\/index.php?rest_route=\/wp\/v2\/posts\/1578\/revisions\/1643"}],"wp:attachment":[{"href":"https:\/\/fisioterapiaduepuntozero.it\/index.php?rest_route=%2Fwp%2Fv2%2Fmedia&parent=1578"}],"wp:term":[{"taxonomy":"category","embeddable":true,"href":"https:\/\/fisioterapiaduepuntozero.it\/index.php?rest_route=%2Fwp%2Fv2%2Fcategories&post=1578"},{"taxonomy":"post_tag","embeddable":true,"href":"https:\/\/fisioterapiaduepuntozero.it\/index.php?rest_route=%2Fwp%2Fv2%2Ftags&post=1578"}],"curies":[{"name":"wp","href":"https:\/\/api.w.org\/{rel}","templated":true}]}}